{"id":1252,"date":"2021-09-13T22:19:26","date_gmt":"2021-09-13T20:19:26","guid":{"rendered":"https:\/\/www.plettner.info\/?p=1252"},"modified":"2021-10-02T16:39:23","modified_gmt":"2021-10-02T14:39:23","slug":"13-september-2021-tactical-concepts-krav-maga-in-krefeld","status":"publish","type":"post","link":"https:\/\/www.plettner.info\/?p=1252","title":{"rendered":"13. September 2021 &#8211; Tactical Concepts Krav Maga in Krefeld"},"content":{"rendered":"<p>Mit \u00fcberschaubarer Teilnehmerzahl starteten wir mit Grundtechniken an der grossen Pratze: schlagen mit der offenen Hand, Hammer Fist in verschiedenen Ausf\u00fchrungen und H\u00f6hen, Ellenbogen in verschiedenen Ausf\u00fchrungen und H\u00f6hen.<\/p>\n<p>Danach ging es an die Befreiung aus der Umklammerung von der Seite und von hinten. Dies nahm den Grossteil des Trainings ein.<\/p>\n<p>Zum Abschluss ein leichtes Sparring, aus einer Rangelei versuchen, den Partner zu clinchen, mit verschiedenen Gegnern.<\/p>\n","protected":false},"excerpt":{"rendered":"<p>Mit \u00fcberschaubarer Teilnehmerzahl starteten wir mit Grundtechniken an der grossen Pratze: schlagen mit der offenen Hand, Hammer Fist in verschiedenen Ausf\u00fchrungen und H\u00f6hen, Ellenbogen in verschiedenen Ausf\u00fchrungen und H\u00f6hen. Danach ging es an die Befreiung aus der Umklammerung von der Seite und von hinten. Dies nahm den Grossteil des Trainings ein. Zum Abschluss ein leichtes &#8230; <a title=\"13. September 2021 &#8211; Tactical Concepts Krav Maga in Krefeld\" class=\"read-more\" href=\"https:\/\/www.plettner.info\/?p=1252\" aria-label=\"Mehr Informationen \u00fcber 13. September 2021 &#8211; Tactical Concepts Krav Maga in Krefeld\">Weiterlesen<\/a><\/p>\n","protected":false},"author":1,"featured_media":1286,"comment_status":"closed","ping_status":"closed","sticky":false,"template":"","format":"standard","meta":{"_jetpack_memberships_contains_paid_content":false,"footnotes":""},"categories":[15],"tags":[],"class_list":["post-1252","post","type-post","status-publish","format-standard","has-post-thumbnail","hentry","category-krav-maga"],"jetpack_featured_media_url":"https:\/\/www.plettner.info\/wp-content\/uploads\/2021\/10\/ruetz-km.jpg","jetpack_sharing_enabled":true,"_links":{"self":[{"href":"https:\/\/www.plettner.info\/index.php?rest_route=\/wp\/v2\/posts\/1252","targetHints":{"allow":["GET"]}}],"collection":[{"href":"https:\/\/www.plettner.info\/index.php?rest_route=\/wp\/v2\/posts"}],"about":[{"href":"https:\/\/www.plettner.info\/index.php?rest_route=\/wp\/v2\/types\/post"}],"author":[{"embeddable":true,"href":"https:\/\/www.plettner.info\/index.php?rest_route=\/wp\/v2\/users\/1"}],"replies":[{"embeddable":true,"href":"https:\/\/www.plettner.info\/index.php?rest_route=%2Fwp%2Fv2%2Fcomments&post=1252"}],"version-history":[{"count":2,"href":"https:\/\/www.plettner.info\/index.php?rest_route=\/wp\/v2\/posts\/1252\/revisions"}],"predecessor-version":[{"id":1255,"href":"https:\/\/www.plettner.info\/index.php?rest_route=\/wp\/v2\/posts\/1252\/revisions\/1255"}],"wp:featuredmedia":[{"embeddable":true,"href":"https:\/\/www.plettner.info\/index.php?rest_route=\/wp\/v2\/media\/1286"}],"wp:attachment":[{"href":"https:\/\/www.plettner.info\/index.php?rest_route=%2Fwp%2Fv2%2Fmedia&parent=1252"}],"wp:term":[{"taxonomy":"category","embeddable":true,"href":"https:\/\/www.plettner.info\/index.php?rest_route=%2Fwp%2Fv2%2Fcategories&post=1252"},{"taxonomy":"post_tag","embeddable":true,"href":"https:\/\/www.plettner.info\/index.php?rest_route=%2Fwp%2Fv2%2Ftags&post=1252"}],"curies":[{"name":"wp","href":"https:\/\/api.w.org\/{rel}","templated":true}]}}