{"id":146,"date":"2018-07-27T23:59:55","date_gmt":"2018-07-27T23:59:55","guid":{"rendered":"http:\/\/plettner.info\/?p=146"},"modified":"2018-10-29T10:38:39","modified_gmt":"2018-10-29T10:38:39","slug":"27-juli-2018-fahrrsd-fahren-in-st-peter-ording","status":"publish","type":"post","link":"https:\/\/www.plettner.info\/?p=146","title":{"rendered":"27. Juli 2018 \u2013 Fahrrad fahren in St.Peter-Ording"},"content":{"rendered":"<div id=\"js_yy\" class=\"_5pbx userContent _3576\" data-ad-preview=\"message\" data-ft=\"{&quot;tn&quot;:&quot;K&quot;}\">\n<p>Im Urlaub hatte ich mir vorgenommen, wieder mit Fahrrad fahren anzufangen. Heute ging es mit 13 km los.<\/p>\n<p>Von B\u00f6hl um die Baustelle herum durch Dorf nach Bad zu den D\u00fcnen Thermen. Aussenrum an der Hauptstrasse bis zum Kreisverkehr, dann durch Dorf nach B\u00f6hl (beinahe Radfahrerin umgefahren die gerade losging und ohne zu schauen auf die Strasse lief um loszuradeln), diesmal durch die Baustelle und wieder auf den Campingplatz.<\/p>\n<\/div>\n","protected":false},"excerpt":{"rendered":"<p>Im Urlaub hatte ich mir vorgenommen, wieder mit Fahrrad fahren anzufangen. Heute ging es mit 13 km los. Von B\u00f6hl um die Baustelle herum durch Dorf nach Bad zu den D\u00fcnen Thermen. Aussenrum an der Hauptstrasse bis zum Kreisverkehr, dann durch Dorf nach B\u00f6hl (beinahe Radfahrerin umgefahren die gerade losging und ohne zu schauen auf &#8230; <a title=\"27. Juli 2018 \u2013 Fahrrad fahren in St.Peter-Ording\" class=\"read-more\" href=\"https:\/\/www.plettner.info\/?p=146\" aria-label=\"Mehr Informationen \u00fcber 27. Juli 2018 \u2013 Fahrrad fahren in St.Peter-Ording\">Weiterlesen<\/a><\/p>\n","protected":false},"author":1,"featured_media":139,"comment_status":"closed","ping_status":"closed","sticky":false,"template":"","format":"standard","meta":{"_jetpack_memberships_contains_paid_content":false,"footnotes":""},"categories":[7],"tags":[],"class_list":["post-146","post","type-post","status-publish","format-standard","has-post-thumbnail","hentry","category-fahrrad-fahren"],"jetpack_featured_media_url":"https:\/\/www.plettner.info\/wp-content\/uploads\/2018\/08\/43595946_251012975597031_3019458005902032896_n.jpg","jetpack_sharing_enabled":true,"_links":{"self":[{"href":"https:\/\/www.plettner.info\/index.php?rest_route=\/wp\/v2\/posts\/146","targetHints":{"allow":["GET"]}}],"collection":[{"href":"https:\/\/www.plettner.info\/index.php?rest_route=\/wp\/v2\/posts"}],"about":[{"href":"https:\/\/www.plettner.info\/index.php?rest_route=\/wp\/v2\/types\/post"}],"author":[{"embeddable":true,"href":"https:\/\/www.plettner.info\/index.php?rest_route=\/wp\/v2\/users\/1"}],"replies":[{"embeddable":true,"href":"https:\/\/www.plettner.info\/index.php?rest_route=%2Fwp%2Fv2%2Fcomments&post=146"}],"version-history":[{"count":2,"href":"https:\/\/www.plettner.info\/index.php?rest_route=\/wp\/v2\/posts\/146\/revisions"}],"predecessor-version":[{"id":148,"href":"https:\/\/www.plettner.info\/index.php?rest_route=\/wp\/v2\/posts\/146\/revisions\/148"}],"wp:featuredmedia":[{"embeddable":true,"href":"https:\/\/www.plettner.info\/index.php?rest_route=\/wp\/v2\/media\/139"}],"wp:attachment":[{"href":"https:\/\/www.plettner.info\/index.php?rest_route=%2Fwp%2Fv2%2Fmedia&parent=146"}],"wp:term":[{"taxonomy":"category","embeddable":true,"href":"https:\/\/www.plettner.info\/index.php?rest_route=%2Fwp%2Fv2%2Fcategories&post=146"},{"taxonomy":"post_tag","embeddable":true,"href":"https:\/\/www.plettner.info\/index.php?rest_route=%2Fwp%2Fv2%2Ftags&post=146"}],"curies":[{"name":"wp","href":"https:\/\/api.w.org\/{rel}","templated":true}]}}