{"id":1906,"date":"2022-11-18T20:50:16","date_gmt":"2022-11-18T19:50:16","guid":{"rendered":"https:\/\/www.plettner.info\/?p=1906"},"modified":"2022-11-19T05:54:23","modified_gmt":"2022-11-19T04:54:23","slug":"18-november-2022-tactical-concepts-freies-training-in-krefeld","status":"publish","type":"post","link":"https:\/\/www.plettner.info\/?p=1906","title":{"rendered":"18. November 2022 &#8211; Tactical Concepts freies Training in Krefeld"},"content":{"rendered":"<p>Heute hatte ich mich mit Marc verabredet. Er hat sich entschieden, doch die Gelbgurt Pr\u00fcfung zu machen, also trainierten wir die Techniken.<\/p>\n<p>Langsam wird es eine Herausforderung: Gelbgurt Vorbereitung mit Marc (mit dem ich dann wohl auch die Pr\u00fcfung machen werde, weil es keinen zweiten Pr\u00fcfling gibt), Orangegurt Vorbereitung mit Peter und Menni und meine eigene Vorbereitung auf den zweiten Teil des Gr\u00fcngurts.<\/p>\n","protected":false},"excerpt":{"rendered":"<p>Heute hatte ich mich mit Marc verabredet. Er hat sich entschieden, doch die Gelbgurt Pr\u00fcfung zu machen, also trainierten wir die Techniken. Langsam wird es eine Herausforderung: Gelbgurt Vorbereitung mit Marc (mit dem ich dann wohl auch die Pr\u00fcfung machen werde, weil es keinen zweiten Pr\u00fcfling gibt), Orangegurt Vorbereitung mit Peter und Menni und meine &#8230; <a title=\"18. November 2022 &#8211; Tactical Concepts freies Training in Krefeld\" class=\"read-more\" href=\"https:\/\/www.plettner.info\/?p=1906\" aria-label=\"Mehr Informationen \u00fcber 18. November 2022 &#8211; Tactical Concepts freies Training in Krefeld\">Weiterlesen<\/a><\/p>\n","protected":false},"author":1,"featured_media":1286,"comment_status":"open","ping_status":"closed","sticky":false,"template":"","format":"standard","meta":{"_jetpack_memberships_contains_paid_content":false,"footnotes":""},"categories":[15,18],"tags":[],"class_list":["post-1906","post","type-post","status-publish","format-standard","has-post-thumbnail","hentry","category-krav-maga","category-freies-traing"],"jetpack_featured_media_url":"https:\/\/www.plettner.info\/wp-content\/uploads\/2021\/10\/ruetz-km.jpg","jetpack_sharing_enabled":true,"_links":{"self":[{"href":"https:\/\/www.plettner.info\/index.php?rest_route=\/wp\/v2\/posts\/1906","targetHints":{"allow":["GET"]}}],"collection":[{"href":"https:\/\/www.plettner.info\/index.php?rest_route=\/wp\/v2\/posts"}],"about":[{"href":"https:\/\/www.plettner.info\/index.php?rest_route=\/wp\/v2\/types\/post"}],"author":[{"embeddable":true,"href":"https:\/\/www.plettner.info\/index.php?rest_route=\/wp\/v2\/users\/1"}],"replies":[{"embeddable":true,"href":"https:\/\/www.plettner.info\/index.php?rest_route=%2Fwp%2Fv2%2Fcomments&post=1906"}],"version-history":[{"count":1,"href":"https:\/\/www.plettner.info\/index.php?rest_route=\/wp\/v2\/posts\/1906\/revisions"}],"predecessor-version":[{"id":1907,"href":"https:\/\/www.plettner.info\/index.php?rest_route=\/wp\/v2\/posts\/1906\/revisions\/1907"}],"wp:featuredmedia":[{"embeddable":true,"href":"https:\/\/www.plettner.info\/index.php?rest_route=\/wp\/v2\/media\/1286"}],"wp:attachment":[{"href":"https:\/\/www.plettner.info\/index.php?rest_route=%2Fwp%2Fv2%2Fmedia&parent=1906"}],"wp:term":[{"taxonomy":"category","embeddable":true,"href":"https:\/\/www.plettner.info\/index.php?rest_route=%2Fwp%2Fv2%2Fcategories&post=1906"},{"taxonomy":"post_tag","embeddable":true,"href":"https:\/\/www.plettner.info\/index.php?rest_route=%2Fwp%2Fv2%2Ftags&post=1906"}],"curies":[{"name":"wp","href":"https:\/\/api.w.org\/{rel}","templated":true}]}}