{"id":2137,"date":"2023-05-30T22:31:00","date_gmt":"2023-05-30T21:31:00","guid":{"rendered":"https:\/\/www.plettner.info\/?p=2137"},"modified":"2023-05-31T17:36:21","modified_gmt":"2023-05-31T16:36:21","slug":"30-mai-2023-tactical-concepts-krav-maga-in-krefeld","status":"publish","type":"post","link":"https:\/\/www.plettner.info\/?p=2137","title":{"rendered":"30. Mai 2023 &#8211; Tactical Concepts Krav Maga in Krefeld"},"content":{"rendered":"<p>Thema heute: der Kubotan.<\/p>\n<p><img loading=\"lazy\" decoding=\"async\" class=\"alignnone size-full wp-image-707\" src=\"https:\/\/www.plettner.info\/wp-content\/uploads\/2020\/01\/IMG_20200113_2217200101.jpg\" alt=\"\" width=\"1925\" height=\"1928\" srcset=\"https:\/\/www.plettner.info\/wp-content\/uploads\/2020\/01\/IMG_20200113_2217200101.jpg 1925w, https:\/\/www.plettner.info\/wp-content\/uploads\/2020\/01\/IMG_20200113_2217200101-300x300.jpg 300w, https:\/\/www.plettner.info\/wp-content\/uploads\/2020\/01\/IMG_20200113_2217200101-1022x1024.jpg 1022w, https:\/\/www.plettner.info\/wp-content\/uploads\/2020\/01\/IMG_20200113_2217200101-150x150.jpg 150w, https:\/\/www.plettner.info\/wp-content\/uploads\/2020\/01\/IMG_20200113_2217200101-768x769.jpg 768w, https:\/\/www.plettner.info\/wp-content\/uploads\/2020\/01\/IMG_20200113_2217200101-1534x1536.jpg 1534w\" sizes=\"auto, (max-width: 1925px) 100vw, 1925px\" \/><\/p>\n<p>Ein Schlagkraftverst\u00e4rker, der heftige Schmerzen verursachen kann.<\/p>\n<p>Thema: wie trage ich ihn, wie setze ich in in einer Bedrohungssituation ein. Wie setze ich ihn in der Selbstverteidigung ein.<\/p>\n<p>F\u00fcr alle, die nicht so recht wussten, was sie damit machen k\u00f6nnen, gab Mario diverse Tipps. F\u00fcr alle, die Ideen hatten galt: einfach machen. Ich trainierte mit Johannes, wir machten einfach, zum Gl\u00fcck mit Kubotans aus Gummi \ud83d\ude09<\/p>\n","protected":false},"excerpt":{"rendered":"<p>Thema heute: der Kubotan. Ein Schlagkraftverst\u00e4rker, der heftige Schmerzen verursachen kann. Thema: wie trage ich ihn, wie setze ich in in einer Bedrohungssituation ein. Wie setze ich ihn in der Selbstverteidigung ein. F\u00fcr alle, die nicht so recht wussten, was sie damit machen k\u00f6nnen, gab Mario diverse Tipps. F\u00fcr alle, die Ideen hatten galt: einfach &#8230; <a title=\"30. Mai 2023 &#8211; Tactical Concepts Krav Maga in Krefeld\" class=\"read-more\" href=\"https:\/\/www.plettner.info\/?p=2137\" aria-label=\"Mehr Informationen \u00fcber 30. Mai 2023 &#8211; Tactical Concepts Krav Maga in Krefeld\">Weiterlesen<\/a><\/p>\n","protected":false},"author":1,"featured_media":2108,"comment_status":"open","ping_status":"closed","sticky":false,"template":"","format":"standard","meta":{"_jetpack_memberships_contains_paid_content":false,"footnotes":""},"categories":[15],"tags":[],"class_list":["post-2137","post","type-post","status-publish","format-standard","has-post-thumbnail","hentry","category-krav-maga"],"jetpack_featured_media_url":"https:\/\/www.plettner.info\/wp-content\/uploads\/2023\/04\/kravmagabanner.jpg","jetpack_sharing_enabled":true,"_links":{"self":[{"href":"https:\/\/www.plettner.info\/index.php?rest_route=\/wp\/v2\/posts\/2137","targetHints":{"allow":["GET"]}}],"collection":[{"href":"https:\/\/www.plettner.info\/index.php?rest_route=\/wp\/v2\/posts"}],"about":[{"href":"https:\/\/www.plettner.info\/index.php?rest_route=\/wp\/v2\/types\/post"}],"author":[{"embeddable":true,"href":"https:\/\/www.plettner.info\/index.php?rest_route=\/wp\/v2\/users\/1"}],"replies":[{"embeddable":true,"href":"https:\/\/www.plettner.info\/index.php?rest_route=%2Fwp%2Fv2%2Fcomments&post=2137"}],"version-history":[{"count":1,"href":"https:\/\/www.plettner.info\/index.php?rest_route=\/wp\/v2\/posts\/2137\/revisions"}],"predecessor-version":[{"id":2138,"href":"https:\/\/www.plettner.info\/index.php?rest_route=\/wp\/v2\/posts\/2137\/revisions\/2138"}],"wp:featuredmedia":[{"embeddable":true,"href":"https:\/\/www.plettner.info\/index.php?rest_route=\/wp\/v2\/media\/2108"}],"wp:attachment":[{"href":"https:\/\/www.plettner.info\/index.php?rest_route=%2Fwp%2Fv2%2Fmedia&parent=2137"}],"wp:term":[{"taxonomy":"category","embeddable":true,"href":"https:\/\/www.plettner.info\/index.php?rest_route=%2Fwp%2Fv2%2Fcategories&post=2137"},{"taxonomy":"post_tag","embeddable":true,"href":"https:\/\/www.plettner.info\/index.php?rest_route=%2Fwp%2Fv2%2Ftags&post=2137"}],"curies":[{"name":"wp","href":"https:\/\/api.w.org\/{rel}","templated":true}]}}