{"id":2298,"date":"2023-09-27T22:45:44","date_gmt":"2023-09-27T21:45:44","guid":{"rendered":"https:\/\/www.plettner.info\/?p=2298"},"modified":"2023-09-29T07:07:09","modified_gmt":"2023-09-29T06:07:09","slug":"27-september-2023-tactical-concepts-krav-maga-in-krefeld","status":"publish","type":"post","link":"https:\/\/www.plettner.info\/?p=2298","title":{"rendered":"27. September 2023 &#8211; Tactical Concepts Krav Maga in Krefeld"},"content":{"rendered":"<p>Heute durfte ich wieder das Training \u00fcbernehmen. Thema, der Keil als Abwehr von allen Angriffen \u00fcber die Aussenbahn.<\/p>\n<p>Also &#8211; gerade f\u00fcr die Anf\u00e4nger &#8211; gestartet mit Armhaltung zur maximalen Kontrolle, einsetzen des Keils, Anwendung des Keils aus der Bewegung. Danach das ganze schnell und laut (mit anschreien). Zum Abschluss bilden alle eine Reihe und einer wird nacheinander von allen anderen angegriffen. Vorteil: als Trainer sieht man bei jedem Trainierenden mehrfach die Technik und kann ggf. sofort nachbessern. Als Trainierender hat man mehrere Angreifer und ist nicht nur auf seinen Traininspartner eingestellt.<\/p>\n","protected":false},"excerpt":{"rendered":"<p>Heute durfte ich wieder das Training \u00fcbernehmen. Thema, der Keil als Abwehr von allen Angriffen \u00fcber die Aussenbahn. Also &#8211; gerade f\u00fcr die Anf\u00e4nger &#8211; gestartet mit Armhaltung zur maximalen Kontrolle, einsetzen des Keils, Anwendung des Keils aus der Bewegung. Danach das ganze schnell und laut (mit anschreien). Zum Abschluss bilden alle eine Reihe und &#8230; <a title=\"27. September 2023 &#8211; Tactical Concepts Krav Maga in Krefeld\" class=\"read-more\" href=\"https:\/\/www.plettner.info\/?p=2298\" aria-label=\"Mehr Informationen \u00fcber 27. September 2023 &#8211; Tactical Concepts Krav Maga in Krefeld\">Weiterlesen<\/a><\/p>\n","protected":false},"author":1,"featured_media":2108,"comment_status":"open","ping_status":"closed","sticky":false,"template":"","format":"standard","meta":{"_jetpack_memberships_contains_paid_content":false,"footnotes":""},"categories":[15],"tags":[],"class_list":["post-2298","post","type-post","status-publish","format-standard","has-post-thumbnail","hentry","category-krav-maga"],"jetpack_featured_media_url":"https:\/\/www.plettner.info\/wp-content\/uploads\/2023\/04\/kravmagabanner.jpg","jetpack_sharing_enabled":true,"_links":{"self":[{"href":"https:\/\/www.plettner.info\/index.php?rest_route=\/wp\/v2\/posts\/2298","targetHints":{"allow":["GET"]}}],"collection":[{"href":"https:\/\/www.plettner.info\/index.php?rest_route=\/wp\/v2\/posts"}],"about":[{"href":"https:\/\/www.plettner.info\/index.php?rest_route=\/wp\/v2\/types\/post"}],"author":[{"embeddable":true,"href":"https:\/\/www.plettner.info\/index.php?rest_route=\/wp\/v2\/users\/1"}],"replies":[{"embeddable":true,"href":"https:\/\/www.plettner.info\/index.php?rest_route=%2Fwp%2Fv2%2Fcomments&post=2298"}],"version-history":[{"count":1,"href":"https:\/\/www.plettner.info\/index.php?rest_route=\/wp\/v2\/posts\/2298\/revisions"}],"predecessor-version":[{"id":2299,"href":"https:\/\/www.plettner.info\/index.php?rest_route=\/wp\/v2\/posts\/2298\/revisions\/2299"}],"wp:featuredmedia":[{"embeddable":true,"href":"https:\/\/www.plettner.info\/index.php?rest_route=\/wp\/v2\/media\/2108"}],"wp:attachment":[{"href":"https:\/\/www.plettner.info\/index.php?rest_route=%2Fwp%2Fv2%2Fmedia&parent=2298"}],"wp:term":[{"taxonomy":"category","embeddable":true,"href":"https:\/\/www.plettner.info\/index.php?rest_route=%2Fwp%2Fv2%2Fcategories&post=2298"},{"taxonomy":"post_tag","embeddable":true,"href":"https:\/\/www.plettner.info\/index.php?rest_route=%2Fwp%2Fv2%2Ftags&post=2298"}],"curies":[{"name":"wp","href":"https:\/\/api.w.org\/{rel}","templated":true}]}}